{"id":1010,"date":"2026-05-03T10:32:01","date_gmt":"2026-05-03T10:32:01","guid":{"rendered":"https:\/\/www.tassaneealleau.com\/?p=1010"},"modified":"2026-05-03T10:33:31","modified_gmt":"2026-05-03T10:33:31","slug":"table-ronde-journee-detudes-corps-genre-identites-adcethis-tours","status":"publish","type":"post","link":"https:\/\/www.tassaneealleau.com\/?p=1010","title":{"rendered":"Table ronde &#8211; Journ\u00e9e d\u2019\u00e9tudes Corps &amp; genre &#8211; Identit\u00e9s &#8211; AdCeThiS Tours"},"content":{"rendered":"\n<h1 class=\"wp-block-heading\">\ud83d\udcc5 Journ\u00e9e d\u2019\u00e9tude : Corps &amp; Genre \u2013 Identit\u00e9s<\/h1>\n\n\n\n<p>Le&nbsp;5 mai 2026, l\u2019UFR Arts et Sciences Humaines (site des Tanneurs) accueille une journ\u00e9e d\u2019\u00e9tude consacr\u00e9e aux relations entre les corps, le genre et la construction des identit\u00e9s. Cet \u00e9v\u00e9nement r\u00e9unira doctorant\u00b7es et enseignant\u00b7es-chercheur\u00b7es pour des communications et une table ronde interdisciplinaire.<\/p>\n\n\n\n<p>\ud83d\udccd Lieu :&nbsp;Salle des Actes TA 203, site des Tanneurs.&nbsp;\ud83d\udd52 Horaires :&nbsp;9h15 \u2013 17h.<\/p>\n\n\n\n<hr class=\"wp-block-separator has-alpha-channel-opacity\"\/>\n\n\n\n<h2 class=\"wp-block-heading\">\ud83d\udcdd Programme des communications<\/h2>\n\n\n\n<p>9h15 \u2013 9h45 : Accueil<\/p>\n\n\n\n<p>9h45 \u2013 10h15 : Sandrine Peyrat&nbsp;<em>Doctorante en histoire romaine et en histoire de l\u2019art romain (UR 4081 \u2013 Rome et ses renaissances, Sorbonne Universit\u00e9)<\/em>&nbsp;\ud83d\udde3\ufe0f&nbsp;\u00ab Brouillage des corps et des identit\u00e9s : les repr\u00e9sentations divinisantes des femmes julio-claudiennes, entre \u00e9mancipation et assignation genr\u00e9e en Italie et Afrique romaine \u00bb<\/p>\n\n\n\n<p>10h15 \u2013 10h45 : Marie Bultez&nbsp;<em>Doctorante en histoire moderne (UR 6298 \u2013 CeTHIS, Universit\u00e9 de Tours)<\/em>&nbsp;\ud83d\udde3\ufe0f&nbsp;\u00ab Repenser le genre : l\u2019incapacit\u00e9 physique comme facteur d\u2019identit\u00e9 au sein de la g\u00e9n\u00e9ralit\u00e9 de Tours (17e-18e) \u00bb<\/p>\n\n\n\n<p>10h45 \u2013 11h00 : Pause<\/p>\n\n\n\n<p>11h00 \u2013 11h30 : Suzy Toson&nbsp;<em>Doctorante en histoire contemporaine (UR 353 \u2013 Institut Fran\u00e7ais de G\u00e9opolitique, Universit\u00e9 Paris 8 Vincennes \u2013 Saint-Denis et Centre d\u2019histoire de Sciences Po, Sciences Po Paris)<\/em>&nbsp;\ud83d\udde3\ufe0f&nbsp;\u00ab Ghitta Carell : repr\u00e9senter les corps fascistes \u00bb<\/p>\n\n\n\n<p>11h30 \u2013 12h00 : Iris Mansot&nbsp;<em>Doctorante en histoire de l\u2019art contemporain (UR 538 \u2013 Centre de recherches en histoire de l\u2019art, Universit\u00e9 Bordeaux-Montaigne)<\/em>&nbsp;\ud83d\udde3\ufe0f&nbsp;\u00ab Les photographies d\u2019artistes femmes dans l\u2019abstraction lyrique des ann\u00e9es cinquante : une mise en sc\u00e8ne du genre f\u00e9minin ? \u00bb<\/p>\n\n\n\n<hr class=\"wp-block-separator has-alpha-channel-opacity\"\/>\n\n\n\n<h2 class=\"wp-block-heading\">\ud83d\udde3\ufe0f Table ronde (14h \u2013 17h)<\/h2>\n\n\n\n<p>L\u2019apr\u00e8s-midi sera consacr\u00e9 \u00e0 une table ronde ouverte, mod\u00e9r\u00e9e par&nbsp;Ulrike Krampl, professeure des Universit\u00e9s en Histoire moderne (UR 6298 \u2013 CeTHIS, Universit\u00e9 de Tours).<\/p>\n\n\n\n<p>Intervenant\u00b7es :<\/p>\n\n\n\n<ul class=\"wp-block-list\">\n<li>Tassanee Alleau\u00a0(UMR 7323 \u2013 CESR)<\/li>\n\n\n\n<li>Marie Bultez\u00a0(UR 6298 \u2013 CeTHIS)<\/li>\n\n\n\n<li>Marion Ferrier\u00a0(UMR 7323 \u2013 CESR)<\/li>\n\n\n\n<li>Iris Mansot\u00a0(UR 538 \u2013 CRHA)<\/li>\n\n\n\n<li>Sandrine Peyrat\u00a0(UR 4081 \u2013 Rome et ses renaissances)<\/li>\n\n\n\n<li>Suzy Toson\u00a0(UR 353 \u2013 IFG Lab et CHSP)<\/li>\n<\/ul>\n\n\n\n<hr class=\"wp-block-separator has-alpha-channel-opacity\"\/>\n\n\n\n<p>\ud83c\udfdb\ufe0f Organisations partenaires :&nbsp;ADCeTHIS | Universit\u00e9 de Tours | CeTHIS (UR 6298)<\/p>\n\n\n\n<p>\ud83d\udce7&nbsp;Contact :&nbsp;<a target=\"_blank\" rel=\"noreferrer noopener\" href=\"mailto:adcethis@gmail.com\">adcethis@gmail.com<\/a><\/p>\n\n\n\n<p>De mon c\u00f4t\u00e9, cette journ\u00e9e me sera enrichissante pour continuer \u00e0 apporter du neuf \u00e0 ma recherche et \u00e0 cette r\u00e9flexion :<\/p>\n\n\n\n<p>\ud83c\udf31 Et si la racine, entre XVIe et XVIIIe si\u00e8cle, avait \u00e9t\u00e9 bien plus qu\u2019un aliment ou un rem\u00e8de ? Ma th\u00e8se explore comment manioc, igname et salsepareille ont servi d\u2019outils d\u2019\u00e9mancipation pour des corps contraints par le pouvoir colonial, les normes de genre ou la censure et la civilisation des m\u0153urs. Les archives, l\u2019iconographie et les approches de Schiebinger \u00e0 Boumediene, aident \u00e0 montrer comment soigner, cultiver ou cuisiner ces plantes souterraines a permis aux femmes, esclaves et personnes mises \u00e0 la marge de r\u00e9sister, de pr\u00e9server leurs savoirs vernaculaires et d\u2019affirmer une identit\u00e9 invisible aux yeux des autorit\u00e9s. Quelles pistes pour orienter la recherche vers de nouveaux axes m\u00e9thodologiques en consid\u00e9rant l\u2019environnement et les sensibilit\u00e9s comme une mati\u00e8re vivante et premi\u00e8re ?<\/p>\n\n\n\n<figure class=\"wp-block-image size-large\"><img data-recalc-dims=\"1\" loading=\"lazy\" decoding=\"async\" width=\"724\" height=\"1024\" src=\"https:\/\/i0.wp.com\/www.tassaneealleau.com\/wp-content\/uploads\/2026\/05\/Portfolio-Tassanee-ALLEAU.png?resize=724%2C1024&#038;ssl=1\" alt=\"\" class=\"wp-image-1011\" srcset=\"https:\/\/i0.wp.com\/www.tassaneealleau.com\/wp-content\/uploads\/2026\/05\/Portfolio-Tassanee-ALLEAU.png?resize=724%2C1024&amp;ssl=1 724w, https:\/\/i0.wp.com\/www.tassaneealleau.com\/wp-content\/uploads\/2026\/05\/Portfolio-Tassanee-ALLEAU.png?resize=212%2C300&amp;ssl=1 212w, https:\/\/i0.wp.com\/www.tassaneealleau.com\/wp-content\/uploads\/2026\/05\/Portfolio-Tassanee-ALLEAU.png?resize=768%2C1086&amp;ssl=1 768w, https:\/\/i0.wp.com\/www.tassaneealleau.com\/wp-content\/uploads\/2026\/05\/Portfolio-Tassanee-ALLEAU.png?resize=1086%2C1536&amp;ssl=1 1086w, https:\/\/i0.wp.com\/www.tassaneealleau.com\/wp-content\/uploads\/2026\/05\/Portfolio-Tassanee-ALLEAU.png?w=1414&amp;ssl=1 1414w\" sizes=\"auto, (max-width: 724px) 100vw, 724px\" \/><\/figure>\n","protected":false},"excerpt":{"rendered":"<p>\ud83d\udcc5 Journ\u00e9e d\u2019\u00e9tude : Corps &amp; Genre \u2013 Identit\u00e9s Le&nbsp;5 mai 2026, l\u2019UFR Arts et Sciences Humaines (site des Tanneurs) accueille une journ\u00e9e d\u2019\u00e9tude consacr\u00e9e aux relations entre les corps, le genre et la construction des identit\u00e9s. Cet \u00e9v\u00e9nement r\u00e9unira doctorant\u00b7es et enseignant\u00b7es-chercheur\u00b7es pour des communications et une table ronde interdisciplinaire. \ud83d\udccd Lieu :&nbsp;Salle des [&hellip;]<\/p>\n","protected":false},"author":1,"featured_media":1011,"comment_status":"open","ping_status":"closed","sticky":false,"template":"","format":"standard","meta":{"_jetpack_memberships_contains_paid_content":false,"footnotes":""},"categories":[21],"tags":[23,13,29,25],"class_list":["post-1010","post","type-post","status-publish","format-standard","has-post-thumbnail","hentry","category-communications","tag-cours","tag-ecriture","tag-recherche","tag-seminaire"],"jetpack_featured_media_url":"https:\/\/i0.wp.com\/www.tassaneealleau.com\/wp-content\/uploads\/2026\/05\/Portfolio-Tassanee-ALLEAU.png?fit=1414%2C2000&ssl=1","jetpack_sharing_enabled":true,"_links":{"self":[{"href":"https:\/\/www.tassaneealleau.com\/index.php?rest_route=\/wp\/v2\/posts\/1010","targetHints":{"allow":["GET"]}}],"collection":[{"href":"https:\/\/www.tassaneealleau.com\/index.php?rest_route=\/wp\/v2\/posts"}],"about":[{"href":"https:\/\/www.tassaneealleau.com\/index.php?rest_route=\/wp\/v2\/types\/post"}],"author":[{"embeddable":true,"href":"https:\/\/www.tassaneealleau.com\/index.php?rest_route=\/wp\/v2\/users\/1"}],"replies":[{"embeddable":true,"href":"https:\/\/www.tassaneealleau.com\/index.php?rest_route=%2Fwp%2Fv2%2Fcomments&post=1010"}],"version-history":[{"count":2,"href":"https:\/\/www.tassaneealleau.com\/index.php?rest_route=\/wp\/v2\/posts\/1010\/revisions"}],"predecessor-version":[{"id":1013,"href":"https:\/\/www.tassaneealleau.com\/index.php?rest_route=\/wp\/v2\/posts\/1010\/revisions\/1013"}],"wp:featuredmedia":[{"embeddable":true,"href":"https:\/\/www.tassaneealleau.com\/index.php?rest_route=\/wp\/v2\/media\/1011"}],"wp:attachment":[{"href":"https:\/\/www.tassaneealleau.com\/index.php?rest_route=%2Fwp%2Fv2%2Fmedia&parent=1010"}],"wp:term":[{"taxonomy":"category","embeddable":true,"href":"https:\/\/www.tassaneealleau.com\/index.php?rest_route=%2Fwp%2Fv2%2Fcategories&post=1010"},{"taxonomy":"post_tag","embeddable":true,"href":"https:\/\/www.tassaneealleau.com\/index.php?rest_route=%2Fwp%2Fv2%2Ftags&post=1010"}],"curies":[{"name":"wp","href":"https:\/\/api.w.org\/{rel}","templated":true}]}}