{"id":994,"date":"2026-04-30T10:34:00","date_gmt":"2026-04-30T10:34:00","guid":{"rendered":"https:\/\/www.tassaneealleau.com\/?p=994"},"modified":"2026-04-30T10:34:00","modified_gmt":"2026-04-30T10:34:00","slug":"les-ateliers-radis-se-deploient","status":"publish","type":"post","link":"https:\/\/www.tassaneealleau.com\/?p=994","title":{"rendered":"Les ateliers RADIS se d\u00e9ploient"},"content":{"rendered":"\n<p>Tassanee Alleau, chercheuse et artiste plasticienne<\/p>\n\n\n\n<p>\ud83c\udf3f 2026 &#8211; les Ateliers RADIS \ud83e\udedc se d\u00e9ploient : Cartographies Sensibles du Corps et du Chez-Soi<\/p>\n\n\n\n<p>Un parcours artistique \u00e0 distance pour r\u00e9inventer notre territoire intime.<\/p>\n\n\n\n<p>RADIS (Recherche-Action, D\u00e9centr\u00e9e, Inclusive, Sensible) vous invite \u00e0 une exp\u00e9rience sensible : un cycle d\u2019ateliers d\u2019arts plastiques \u00e0 distance, d\u00e9di\u00e9 \u00e0 l\u2019exploration de notre identit\u00e9 corporelle et \u00e0 l\u2019interrogation de notre colonialit\u00e9.<\/p>\n\n\n\n<p>\ud83d\uddfa\ufe0f De quoi s\u2019agit-il ?<\/p>\n\n\n\n<p>Et si, pour un temps, nous mettions de c\u00f4t\u00e9 notre identit\u00e9 culturelle pour \u00e9couter ce que notre corps a \u00e0 nous dire ? L\u2019objectif de ces ateliers est de cartographier nos corps et nos mani\u00e8res d\u2019agir au quotidien et ce que j\u2019appelle \u00ab&nbsp;nos \u00e9cologies&nbsp;\u00bb. Il ne s\u2019agit pas de figer qui nous sommes, mais de r\u00e9v\u00e9ler la mani\u00e8re mouvante dont nos choix et nos actions varient selon notre corpor\u00e9it\u00e9.<br>\u00c0 travers l\u2019\u00e9criture, le collage, le dessin, la peinture, et parfois le son ou l\u2019image, nous apprendrons \u00e0 :<\/p>\n\n\n\n<ul class=\"wp-block-list\">\n<li>Qu\u2019est-ce que la colonialit\u00e9 ?<\/li>\n\n\n\n<li>Observer nos gestes quotidiens.<\/li>\n\n\n\n<li>Identifier nos \u00ab\u00a0agentivit\u00e9s\u00a0\u00bb (notre capacit\u00e9 d\u2019agir).<\/li>\n\n\n\n<li>Questionner l\u2019influence de la colonialit\u00e9 sur nos habitudes et nos espaces de vie, nos \u00e9cologies.<\/li>\n<\/ul>\n\n\n\n<p>\ud83c\udfe0 Un premier atelier : \u00ab&nbsp;G\u00e9ographie de l\u2019Intime 1&nbsp;\u00bb<\/p>\n\n\n\n<p>Le cycle d\u00e9bute par une exploration de votre chez-soi, ce lieu d\u2019intimit\u00e9 o\u00f9 notre personnalit\u00e9 se r\u00e9v\u00e8le le plus clairement.<\/p>\n\n\n\n<p>Le d\u00e9fi : Comment cartographier son int\u00e9rieur sans tomber dans la nostalgie des souvenirs et questionner la colonialit\u00e9 ?<\/p>\n\n\n\n<p>La m\u00e9thode : Nous d\u00e9laisserons les photos de famille et les objets-m\u00e9moires pour nous concentrer sur le quotidien brut : la texture d\u2019un tissu, la silhouette d\u2019un objet, la lumi\u00e8re sur un mur, une plante d\u2019int\u00e9rieur, une \u00e9pice. Ces \u00e9l\u00e9ments, souvent invisibles, racontent comment nous habitons le monde.<\/p>\n\n\n\n<p>\u2014\u2014<br>\ud83e\ude77 Si vous \u00eates d\u00e9j\u00e0 membres de l\u2019association Asiattitudes Family, @asiattitudesfamily vous pourrez participer en avant-premi\u00e8re \u00e0 cet atelier d\u00e8s le 20 juin 2026.<\/p>\n\n\n\n<p>\u2728Restez \u00e0 l\u2019aff\u00fbt pour d\u2019autres dates tous publics ! \ud83d\udcc5<\/p>\n\n\n\n<p>\ud83c\udfe0 Vous avez un lieu qui pourrait h\u00e9berger ce genre d\u2019atelier ? \u00c9crivez-moi !<\/p>\n\n\n\n<p>\ud83c\udf31 \ud83e\udedc<\/p>\n\n\n\n<figure class=\"wp-block-image size-large\"><img data-recalc-dims=\"1\" loading=\"lazy\" decoding=\"async\" width=\"724\" height=\"1024\" src=\"https:\/\/i0.wp.com\/www.tassaneealleau.com\/wp-content\/uploads\/2026\/04\/IMG_3198.png?resize=724%2C1024&#038;ssl=1\" alt=\"\" class=\"wp-image-995\" srcset=\"https:\/\/i0.wp.com\/www.tassaneealleau.com\/wp-content\/uploads\/2026\/04\/IMG_3198.png?resize=724%2C1024&amp;ssl=1 724w, https:\/\/i0.wp.com\/www.tassaneealleau.com\/wp-content\/uploads\/2026\/04\/IMG_3198.png?resize=212%2C300&amp;ssl=1 212w, https:\/\/i0.wp.com\/www.tassaneealleau.com\/wp-content\/uploads\/2026\/04\/IMG_3198.png?resize=768%2C1086&amp;ssl=1 768w, https:\/\/i0.wp.com\/www.tassaneealleau.com\/wp-content\/uploads\/2026\/04\/IMG_3198.png?resize=1086%2C1536&amp;ssl=1 1086w, https:\/\/i0.wp.com\/www.tassaneealleau.com\/wp-content\/uploads\/2026\/04\/IMG_3198.png?w=1414&amp;ssl=1 1414w\" sizes=\"auto, (max-width: 724px) 100vw, 724px\" \/><\/figure>\n\n\n\n<figure class=\"wp-block-image size-large\"><img data-recalc-dims=\"1\" loading=\"lazy\" decoding=\"async\" width=\"724\" height=\"1024\" src=\"https:\/\/i0.wp.com\/www.tassaneealleau.com\/wp-content\/uploads\/2026\/04\/IMG_3199.png?resize=724%2C1024&#038;ssl=1\" alt=\"\" class=\"wp-image-996\" srcset=\"https:\/\/i0.wp.com\/www.tassaneealleau.com\/wp-content\/uploads\/2026\/04\/IMG_3199.png?resize=724%2C1024&amp;ssl=1 724w, https:\/\/i0.wp.com\/www.tassaneealleau.com\/wp-content\/uploads\/2026\/04\/IMG_3199.png?resize=212%2C300&amp;ssl=1 212w, https:\/\/i0.wp.com\/www.tassaneealleau.com\/wp-content\/uploads\/2026\/04\/IMG_3199.png?resize=768%2C1086&amp;ssl=1 768w, https:\/\/i0.wp.com\/www.tassaneealleau.com\/wp-content\/uploads\/2026\/04\/IMG_3199.png?resize=1086%2C1536&amp;ssl=1 1086w, https:\/\/i0.wp.com\/www.tassaneealleau.com\/wp-content\/uploads\/2026\/04\/IMG_3199.png?w=1414&amp;ssl=1 1414w\" sizes=\"auto, (max-width: 724px) 100vw, 724px\" \/><\/figure>\n\n\n\n<p><\/p>\n","protected":false},"excerpt":{"rendered":"<p>Tassanee Alleau, chercheuse et artiste plasticienne \ud83c\udf3f 2026 &#8211; les Ateliers RADIS \ud83e\udedc se d\u00e9ploient : Cartographies Sensibles du Corps et du Chez-Soi Un parcours artistique \u00e0 distance pour r\u00e9inventer notre territoire intime. RADIS (Recherche-Action, D\u00e9centr\u00e9e, Inclusive, Sensible) vous invite \u00e0 une exp\u00e9rience sensible : un cycle d\u2019ateliers d\u2019arts plastiques \u00e0 distance, d\u00e9di\u00e9 \u00e0 l\u2019exploration [&hellip;]<\/p>\n","protected":false},"author":1,"featured_media":995,"comment_status":"open","ping_status":"closed","sticky":false,"template":"","format":"standard","meta":{"_jetpack_memberships_contains_paid_content":false,"footnotes":""},"categories":[5],"tags":[15,17,13,20],"class_list":["post-994","post","type-post","status-publish","format-standard","has-post-thumbnail","hentry","category-ateliers","tag-ateliers","tag-dessin","tag-ecriture","tag-peinture"],"jetpack_featured_media_url":"https:\/\/i0.wp.com\/www.tassaneealleau.com\/wp-content\/uploads\/2026\/04\/IMG_3198.png?fit=1414%2C2000&ssl=1","jetpack_sharing_enabled":true,"_links":{"self":[{"href":"https:\/\/www.tassaneealleau.com\/index.php?rest_route=\/wp\/v2\/posts\/994","targetHints":{"allow":["GET"]}}],"collection":[{"href":"https:\/\/www.tassaneealleau.com\/index.php?rest_route=\/wp\/v2\/posts"}],"about":[{"href":"https:\/\/www.tassaneealleau.com\/index.php?rest_route=\/wp\/v2\/types\/post"}],"author":[{"embeddable":true,"href":"https:\/\/www.tassaneealleau.com\/index.php?rest_route=\/wp\/v2\/users\/1"}],"replies":[{"embeddable":true,"href":"https:\/\/www.tassaneealleau.com\/index.php?rest_route=%2Fwp%2Fv2%2Fcomments&post=994"}],"version-history":[{"count":1,"href":"https:\/\/www.tassaneealleau.com\/index.php?rest_route=\/wp\/v2\/posts\/994\/revisions"}],"predecessor-version":[{"id":997,"href":"https:\/\/www.tassaneealleau.com\/index.php?rest_route=\/wp\/v2\/posts\/994\/revisions\/997"}],"wp:featuredmedia":[{"embeddable":true,"href":"https:\/\/www.tassaneealleau.com\/index.php?rest_route=\/wp\/v2\/media\/995"}],"wp:attachment":[{"href":"https:\/\/www.tassaneealleau.com\/index.php?rest_route=%2Fwp%2Fv2%2Fmedia&parent=994"}],"wp:term":[{"taxonomy":"category","embeddable":true,"href":"https:\/\/www.tassaneealleau.com\/index.php?rest_route=%2Fwp%2Fv2%2Fcategories&post=994"},{"taxonomy":"post_tag","embeddable":true,"href":"https:\/\/www.tassaneealleau.com\/index.php?rest_route=%2Fwp%2Fv2%2Ftags&post=994"}],"curies":[{"name":"wp","href":"https:\/\/api.w.org\/{rel}","templated":true}]}}